{"id":14588,"date":"2026-02-01T20:03:43","date_gmt":"2026-02-01T19:03:43","guid":{"rendered":"https:\/\/strategiesconsultingfirm.com\/?p=14588"},"modified":"2026-02-01T20:04:03","modified_gmt":"2026-02-01T19:04:03","slug":"de-kampala-a-limpact-2-2-a-partir-de-2026-les-vraies-questions-que-chaque-acteur-devra-affronter","status":"publish","type":"post","link":"https:\/\/strategiesconsultingfirm.com\/fr\/de-kampala-a-limpact-2-2-a-partir-de-2026-les-vraies-questions-que-chaque-acteur-devra-affronter\/","title":{"rendered":"De Kampala \u00e0 l\u2019impact (2\/2).                                                \u00c0 partir de 2026 : les vraies questions que chaque acteur devra affronter"},"content":{"rendered":"\n<p>Dans le premier article de cette s\u00e9rie, <strong><em>De Kampala \u00e0 l\u2019impact : construire des syst\u00e8mes agroalimentaires fonctionnels en Afrique<\/em>,<\/strong> nous avons montr\u00e9 que la transformation des syst\u00e8mes agroalimentaires africains ne rel\u00e8ve ni du manque d\u2019id\u00e9es, ni de l\u2019absence de solutions. Des leviers concrets existent d\u00e9j\u00e0 sur le continent, \u00e9prouv\u00e9s par l\u2019exp\u00e9rience, capables de produire des r\u00e9sultats r\u00e9els \u00e0 condition que les \u00c9tats deviennent v\u00e9ritablement fonctionnels et que chaque acteur assume pleinement son r\u00f4le.<\/p>\n\n\n\n<p>Mais identifier des leviers ne suffit pas.<\/p>\n\n\n\n<p>\u00c0 partir de 2026, la D\u00e9claration de Kampala ne jugera pas les intentions. Elle mettra chaque acteur face \u00e0 ses responsabilit\u00e9s, \u00e0 travers des questions simples, directes et impossibles \u00e0 esquiver.<\/p>\n\n\n\n<p>&#8212;<\/p>\n\n\n\n<p><strong>Kampala face \u00e0 l\u2019\u00e9preuve des responsabilit\u00e9s<\/strong><\/p>\n\n\n\n<p>Au-del\u00e0 des discours, des d\u00e9clarations solennelles et des slogans, la D\u00e9claration de Kampala posera \u00e0 chaque acteur des syst\u00e8mes agroalimentaires des questions simples, concr\u00e8tes et d\u00e9rangeantes. Ces questions ne sont pas id\u00e9ologiques. Elles sont mesurables, politiques et op\u00e9rationnelles.<\/p>\n\n\n\n<p>&#8212;<\/p>\n\n\n\n<p><strong>1. Ce que l\u2019\u00c9tat devra d\u00e9sormais assumer<\/strong><\/p>\n\n\n\n<p><strong>L\u2019argent public agricole arrive-t-il r\u00e9ellement jusqu\u2019aux producteurs ?<\/strong><\/p>\n\n\n\n<ul class=\"wp-block-list\">\n<li>Combien de paysans ont effectivement re\u00e7u des intrants, un appui ou un service agricole ?<\/li>\n\n\n\n<li>Peut-on le d\u00e9montrer simplement et publiquement, avec des preuves claires et v\u00e9rifiables ?<\/li>\n<\/ul>\n\n\n\n<p>Si l\u2019\u00c9tat ne peut pas r\u00e9pondre clairement \u00e0 cette question, alors la politique agricole \u00e9choue, quelles que soient les intentions affich\u00e9es.<\/p>\n\n\n\n<p><strong>Avons-nous fait des choix clairs ou essayons-nous encore de tout faire \u00e0 la fois ?<\/strong><\/p>\n\n\n\n<ul class=\"wp-block-list\">\n<li>Quelles fili\u00e8res avons-nous r\u00e9ellement prioris\u00e9es ?<\/li>\n\n\n\n<li>Les budgets, les infrastructures et les politiques publiques suivent-ils r\u00e9ellement ces priorit\u00e9s ?<\/li>\n<\/ul>\n\n\n\n<p>Sans priorit\u00e9s clairement assum\u00e9es, il n\u2019y a pas de transformation, seulement de la dispersion.<\/p>\n\n\n\n<p><strong>Corrigeons-nous rapidement ce qui ne marche pas ?<\/strong><\/p>\n\n\n\n<ul class=\"wp-block-list\">\n<li>Quels programmes agricoles ont \u00e9chou\u00e9 cette ann\u00e9e ?<\/li>\n\n\n\n<li>Qu\u2019avons-nous chang\u00e9 concr\u00e8tement en cons\u00e9quence ?<\/li>\n<\/ul>\n\n\n\n<p>Un \u00c9tat efficace n\u2019est pas celui qui ne se trompe jamais, mais celui qui reconna\u00eet ses erreurs et les corrige vite.<\/p>\n\n\n\n<p>&#8212;<\/p>\n\n\n\n<p><strong>2. Ce que les organisations paysannes ne peuvent plus \u00e9luder<\/strong><\/p>\n\n\n\n<p><strong>Sommes-nous capables de dire clairement ce que l\u2019\u00c9tat a promis et ce qu\u2019il a r\u00e9ellement fait ?<\/strong><\/p>\n\n\n\n<ul class=\"wp-block-list\">\n<li>Suivons-nous les engagements budg\u00e9taires et politiques en mati\u00e8re agricole ?<\/li>\n\n\n\n<li>Rendons-nous visibles les \u00e9carts entre les promesses officielles et les r\u00e9alisations sur le terrain ?<\/li>\n<\/ul>\n\n\n\n<p>Les plaidoyers des organisations paysannes n\u2019auront d\u2019impact que s\u2019ils reposent sur des faits irr\u00e9futables.<\/p>\n\n\n\n<p><strong>Sommes-nous des partenaires de solutions ou seulement des d\u00e9nonciateurs ?<\/strong><\/p>\n\n\n\n<ul class=\"wp-block-list\">\n<li>Apportons-nous des propositions concr\u00e8tes et r\u00e9alistes ?<\/li>\n\n\n\n<li>Aidons-nous \u00e0 am\u00e9liorer ce qui existe, plut\u00f4t que de seulement le rejeter ?<\/li>\n<\/ul>\n\n\n\n<p>Sans propositions cr\u00e9dibles, la protestation perd sa force politique.<\/p>\n\n\n\n<p><strong>Parlons-nous au nom des producteurs avec des faits v\u00e9rifiables ou seulement avec des discours ?<\/strong><\/p>\n\n\n\n<ul class=\"wp-block-list\">\n<li>Disposons-nous de donn\u00e9es issues du terrain (revenus, acc\u00e8s aux intrants, foncier, cr\u00e9dit) ?<\/li>\n\n\n\n<li>Utilisons-nous des outils structur\u00e9s pour \u00e9tayer nos positions ?<\/li>\n<\/ul>\n\n\n\n<p>La cr\u00e9dibilit\u00e9 politique des organisations paysannes d\u00e9pend d\u00e9sormais de leur capacit\u00e9 \u00e0 produire et utiliser des donn\u00e9es fiables, pas seulement \u00e0 protester.<\/p>\n\n\n\n<p>&#8212;<\/p>\n\n\n\n<p><strong>3. Les responsabilit\u00e9s que le secteur priv\u00e9 ne peut plus contourner<\/strong><\/p>\n\n\n\n<p><strong>Notre activit\u00e9 cr\u00e9e-t-elle une v\u00e9ritable valeur pour les producteurs locaux ?<\/strong><\/p>\n\n\n\n<ul class=\"wp-block-list\">\n<li>Les paysans gagnent-ils r\u00e9ellement mieux leur vie gr\u00e2ce \u00e0 nos activit\u00e9s ?<\/li>\n\n\n\n<li>Les relations \u00e9conomiques sont-elles \u00e9quilibr\u00e9es et \u00e9quitables ?<\/li>\n<\/ul>\n\n\n\n<p>Un secteur priv\u00e9 extractif fragilise la transformation qu\u2019il pr\u00e9tend soutenir.<\/p>\n\n\n\n<p><strong>Investissons-nous dans la dur\u00e9e ou cherchons-nous seulement des profits rapides ?<\/strong><\/p>\n\n\n\n<ul class=\"wp-block-list\">\n<li>Nos investissements renforcent-ils durablement les fili\u00e8res locales ?<\/li>\n\n\n\n<li>Cr\u00e9ent-ils des emplois stables et de long terme ?<\/li>\n<\/ul>\n\n\n\n<p>La transformation agroalimentaire exige de la patience, de la confiance et une vision de long terme.<\/p>\n\n\n\n<p><strong>Nos pratiques sont-elles socialement et environnementalement responsables ?<\/strong><\/p>\n\n\n\n<ul class=\"wp-block-list\">\n<li>Respectons-nous les terres, les communaut\u00e9s, les femmes et les jeunes ?<\/li>\n\n\n\n<li>R\u00e9duisons-nous les pertes et les impacts n\u00e9gatifs sur l\u2019environnement ?<\/li>\n<\/ul>\n\n\n\n<p>Sans responsabilit\u00e9 sociale et environnementale, il n\u2019y a ni l\u00e9gitimit\u00e9 sociale ni durabilit\u00e9 \u00e9conomique.<\/p>\n\n\n\n<p>&#8212;<\/p>\n\n\n\n<p><strong>4. Le r\u00f4le d\u00e9cisif de la soci\u00e9t\u00e9 civile<\/strong><\/p>\n\n\n\n<p><strong>Suivons-nous r\u00e9ellement l\u2019action publique ou seulement les discours ?<\/strong><\/p>\n\n\n\n<ul class=\"wp-block-list\">\n<li>Que disent concr\u00e8tement les budgets, les listes de b\u00e9n\u00e9ficiaires et les r\u00e9sultats observ\u00e9s ?<\/li>\n\n\n\n<li>Appuyons-nous nos analyses sur des donn\u00e9es v\u00e9rifiables ?<\/li>\n<\/ul>\n\n\n\n<p>La vigilance citoyenne commence l\u00e0 o\u00f9 les discours officiels s\u2019arr\u00eatent.<\/p>\n\n\n\n<p><strong>Aidons-nous les citoyens \u00e0 comprendre et \u00e0 se mobiliser ?<\/strong><\/p>\n\n\n\n<ul class=\"wp-block-list\">\n<li>Les paysans et les consommateurs comprennent-ils leurs droits et les enjeux agricoles ?<\/li>\n\n\n\n<li>Nos messages sont-ils accessibles, clairs et p\u00e9dagogiques ?<\/li>\n<\/ul>\n\n\n\n<p>Une soci\u00e9t\u00e9 civile efficace \u00e9claire avant de d\u00e9noncer.<\/p>\n\n\n\n<p><strong>Sommes-nous cr\u00e9dibles et r\u00e9ellement ind\u00e9pendants ?<\/strong><\/p>\n\n\n\n<ul class=\"wp-block-list\">\n<li>Nos analyses sont-elles honn\u00eates, m\u00eame lorsqu\u2019elles d\u00e9rangent ?<\/li>\n\n\n\n<li>\u00c9vitons-nous les postures opportunistes ou complaisantes ?<\/li>\n<\/ul>\n\n\n\n<p>Sans cr\u00e9dibilit\u00e9 morale, la soci\u00e9t\u00e9 civile perd toute influence.<\/p>\n\n\n\n<p>&#8212;<\/p>\n\n\n\n<p><strong>Conclusion : Kampala comme moment de v\u00e9rit\u00e9<\/strong><\/p>\n\n\n\n<p>Les questions pos\u00e9es ici prolongent directement les dix leviers pr\u00e9sent\u00e9s dans le premier article de cette s\u00e9rie. Elles en constituent l\u2019\u00e9preuve d\u00e9cisive. Kampala ne marquera un tournant que si chaque acteur accepte d\u2019\u00eatre \u00e9valu\u00e9 non sur ses intentions, mais sur ses actes, ses choix, ses corrections et sa coh\u00e9rence.<\/p>\n\n\n\n<p>La transformation agroalimentaire africaine n\u2019est plus une affaire de nouveaux cadres strat\u00e9giques.<br>Elle est d\u00e9sormais une affaire de responsabilit\u00e9, de courage politique et de redevabilit\u00e9.<\/p>\n\n\n\n<p><strong>Kampala n\u2019est pas un slogan. C\u2019est une \u00e9preuve de v\u00e9rit\u00e9.<\/strong><\/p>\n","protected":false},"excerpt":{"rendered":"<p>Dans le premier article de cette s\u00e9rie, De Kampala \u00e0 l\u2019impact : construire des syst\u00e8mes agroalimentaires fonctionnels en Afrique, nous avons montr\u00e9 que la transformation des syst\u00e8mes agroalimentaires africains ne rel\u00e8ve ni du manque d\u2019id\u00e9es, ni de l\u2019absence de solutions. Des leviers concrets existent d\u00e9j\u00e0 sur le continent, \u00e9prouv\u00e9s par l\u2019exp\u00e9rience, capables de produire des<\/p>\n","protected":false},"author":95,"featured_media":14583,"comment_status":"open","ping_status":"open","sticky":false,"template":"","format":"standard","meta":{"_acf_changed":false,"footnotes":""},"categories":[178],"tags":[],"class_list":["post-14588","post","type-post","status-publish","format-standard","has-post-thumbnail","hentry","category-agriculture-fr"],"acf":[],"yoast_head":"<!-- This site is optimized with the Yoast SEO plugin v27.3 - https:\/\/yoast.com\/product\/yoast-seo-wordpress\/ -->\n<title>De Kampala \u00e0 l\u2019impact (2\/2).                        \u00c0 partir de 2026 : les vraies questions que chaque acteur devra affronter - STRATEGIES! Consulting Firm<\/title>\n<meta name=\"robots\" content=\"index, follow, max-snippet:-1, max-image-preview:large, max-video-preview:-1\" \/>\n<link rel=\"canonical\" href=\"https:\/\/strategiesconsultingfirm.com\/fr\/de-kampala-a-limpact-2-2-a-partir-de-2026-les-vraies-questions-que-chaque-acteur-devra-affronter\/\" \/>\n<meta property=\"og:locale\" content=\"fr_FR\" \/>\n<meta property=\"og:type\" content=\"article\" \/>\n<meta property=\"og:title\" content=\"De Kampala \u00e0 l\u2019impact (2\/2).                        \u00c0 partir de 2026 : les vraies questions que chaque acteur devra affronter - STRATEGIES! Consulting Firm\" \/>\n<meta property=\"og:description\" content=\"Dans le premier article de cette s\u00e9rie, De Kampala \u00e0 l\u2019impact : construire des syst\u00e8mes agroalimentaires fonctionnels en Afrique, nous avons montr\u00e9 que la transformation des syst\u00e8mes agroalimentaires africains ne rel\u00e8ve ni du manque d\u2019id\u00e9es, ni de l\u2019absence de solutions. Des leviers concrets existent d\u00e9j\u00e0 sur le continent, \u00e9prouv\u00e9s par l\u2019exp\u00e9rience, capables de produire des\" \/>\n<meta property=\"og:url\" content=\"https:\/\/strategiesconsultingfirm.com\/fr\/de-kampala-a-limpact-2-2-a-partir-de-2026-les-vraies-questions-que-chaque-acteur-devra-affronter\/\" \/>\n<meta property=\"og:site_name\" content=\"STRATEGIES! Consulting Firm\" \/>\n<meta property=\"article:publisher\" content=\"https:\/\/web.facebook.com\/cabinetstrategies\" \/>\n<meta property=\"article:published_time\" content=\"2026-02-01T19:03:43+00:00\" \/>\n<meta property=\"article:modified_time\" content=\"2026-02-01T19:04:03+00:00\" \/>\n<meta property=\"og:image\" content=\"https:\/\/strategiesconsultingfirm.com\/wp-content\/uploads\/2026\/02\/Kampala-in-2026-1024x683.png\" \/>\n\t<meta property=\"og:image:width\" content=\"1024\" \/>\n\t<meta property=\"og:image:height\" content=\"683\" \/>\n\t<meta property=\"og:image:type\" content=\"image\/png\" \/>\n<meta name=\"author\" content=\"Franck Essi\" \/>\n<meta name=\"twitter:card\" content=\"summary_large_image\" \/>\n<meta name=\"twitter:creator\" content=\"@Strategies_\" \/>\n<meta name=\"twitter:site\" content=\"@Strategies_\" \/>\n<meta name=\"twitter:label1\" content=\"\u00c9crit par\" \/>\n\t<meta name=\"twitter:data1\" content=\"Franck Essi\" \/>\n\t<meta name=\"twitter:label2\" content=\"Dur\u00e9e de lecture estim\u00e9e\" \/>\n\t<meta name=\"twitter:data2\" content=\"5 minutes\" \/>\n<script type=\"application\/ld+json\" class=\"yoast-schema-graph\">{\"@context\":\"https:\\\/\\\/schema.org\",\"@graph\":[{\"@type\":\"Article\",\"@id\":\"https:\\\/\\\/strategiesconsultingfirm.com\\\/fr\\\/de-kampala-a-limpact-2-2-a-partir-de-2026-les-vraies-questions-que-chaque-acteur-devra-affronter\\\/#article\",\"isPartOf\":{\"@id\":\"https:\\\/\\\/strategiesconsultingfirm.com\\\/fr\\\/de-kampala-a-limpact-2-2-a-partir-de-2026-les-vraies-questions-que-chaque-acteur-devra-affronter\\\/\"},\"author\":{\"name\":\"Franck Essi\",\"@id\":\"https:\\\/\\\/strategiesconsultingfirm.com\\\/#\\\/schema\\\/person\\\/d73fc14a921a59cae65723b15ac3d3a2\"},\"headline\":\"De Kampala \u00e0 l\u2019impact (2\\\/2). \u00c0 partir de 2026 : les vraies questions que chaque acteur devra affronter\",\"datePublished\":\"2026-02-01T19:03:43+00:00\",\"dateModified\":\"2026-02-01T19:04:03+00:00\",\"mainEntityOfPage\":{\"@id\":\"https:\\\/\\\/strategiesconsultingfirm.com\\\/fr\\\/de-kampala-a-limpact-2-2-a-partir-de-2026-les-vraies-questions-que-chaque-acteur-devra-affronter\\\/\"},\"wordCount\":919,\"commentCount\":0,\"publisher\":{\"@id\":\"https:\\\/\\\/strategiesconsultingfirm.com\\\/#organization\"},\"image\":{\"@id\":\"https:\\\/\\\/strategiesconsultingfirm.com\\\/fr\\\/de-kampala-a-limpact-2-2-a-partir-de-2026-les-vraies-questions-que-chaque-acteur-devra-affronter\\\/#primaryimage\"},\"thumbnailUrl\":\"https:\\\/\\\/strategiesconsultingfirm.com\\\/wp-content\\\/uploads\\\/2026\\\/02\\\/Kampala-in-2026.png\",\"articleSection\":[\"Agriculture\"],\"inLanguage\":\"fr-FR\",\"potentialAction\":[{\"@type\":\"CommentAction\",\"name\":\"Comment\",\"target\":[\"https:\\\/\\\/strategiesconsultingfirm.com\\\/fr\\\/de-kampala-a-limpact-2-2-a-partir-de-2026-les-vraies-questions-que-chaque-acteur-devra-affronter\\\/#respond\"]}]},{\"@type\":\"WebPage\",\"@id\":\"https:\\\/\\\/strategiesconsultingfirm.com\\\/fr\\\/de-kampala-a-limpact-2-2-a-partir-de-2026-les-vraies-questions-que-chaque-acteur-devra-affronter\\\/\",\"url\":\"https:\\\/\\\/strategiesconsultingfirm.com\\\/fr\\\/de-kampala-a-limpact-2-2-a-partir-de-2026-les-vraies-questions-que-chaque-acteur-devra-affronter\\\/\",\"name\":\"De Kampala \u00e0 l\u2019impact (2\\\/2). \u00c0 partir de 2026 : les vraies questions que chaque acteur devra affronter - STRATEGIES! Consulting Firm\",\"isPartOf\":{\"@id\":\"https:\\\/\\\/strategiesconsultingfirm.com\\\/#website\"},\"primaryImageOfPage\":{\"@id\":\"https:\\\/\\\/strategiesconsultingfirm.com\\\/fr\\\/de-kampala-a-limpact-2-2-a-partir-de-2026-les-vraies-questions-que-chaque-acteur-devra-affronter\\\/#primaryimage\"},\"image\":{\"@id\":\"https:\\\/\\\/strategiesconsultingfirm.com\\\/fr\\\/de-kampala-a-limpact-2-2-a-partir-de-2026-les-vraies-questions-que-chaque-acteur-devra-affronter\\\/#primaryimage\"},\"thumbnailUrl\":\"https:\\\/\\\/strategiesconsultingfirm.com\\\/wp-content\\\/uploads\\\/2026\\\/02\\\/Kampala-in-2026.png\",\"datePublished\":\"2026-02-01T19:03:43+00:00\",\"dateModified\":\"2026-02-01T19:04:03+00:00\",\"breadcrumb\":{\"@id\":\"https:\\\/\\\/strategiesconsultingfirm.com\\\/fr\\\/de-kampala-a-limpact-2-2-a-partir-de-2026-les-vraies-questions-que-chaque-acteur-devra-affronter\\\/#breadcrumb\"},\"inLanguage\":\"fr-FR\",\"potentialAction\":[{\"@type\":\"ReadAction\",\"target\":[\"https:\\\/\\\/strategiesconsultingfirm.com\\\/fr\\\/de-kampala-a-limpact-2-2-a-partir-de-2026-les-vraies-questions-que-chaque-acteur-devra-affronter\\\/\"]}]},{\"@type\":\"ImageObject\",\"inLanguage\":\"fr-FR\",\"@id\":\"https:\\\/\\\/strategiesconsultingfirm.com\\\/fr\\\/de-kampala-a-limpact-2-2-a-partir-de-2026-les-vraies-questions-que-chaque-acteur-devra-affronter\\\/#primaryimage\",\"url\":\"https:\\\/\\\/strategiesconsultingfirm.com\\\/wp-content\\\/uploads\\\/2026\\\/02\\\/Kampala-in-2026.png\",\"contentUrl\":\"https:\\\/\\\/strategiesconsultingfirm.com\\\/wp-content\\\/uploads\\\/2026\\\/02\\\/Kampala-in-2026.png\",\"width\":1536,\"height\":1024},{\"@type\":\"BreadcrumbList\",\"@id\":\"https:\\\/\\\/strategiesconsultingfirm.com\\\/fr\\\/de-kampala-a-limpact-2-2-a-partir-de-2026-les-vraies-questions-que-chaque-acteur-devra-affronter\\\/#breadcrumb\",\"itemListElement\":[{\"@type\":\"ListItem\",\"position\":1,\"name\":\"Home\",\"item\":\"https:\\\/\\\/strategiesconsultingfirm.com\\\/fr\\\/accueil\\\/\"},{\"@type\":\"ListItem\",\"position\":2,\"name\":\"De Kampala \u00e0 l\u2019impact (2\\\/2). \u00c0 partir de 2026 : les vraies questions que chaque acteur devra affronter\"}]},{\"@type\":\"WebSite\",\"@id\":\"https:\\\/\\\/strategiesconsultingfirm.com\\\/#website\",\"url\":\"https:\\\/\\\/strategiesconsultingfirm.com\\\/\",\"name\":\"STRATEGIES! Consulting Firm\",\"description\":\"Your Reference in Leadership and Management\",\"publisher\":{\"@id\":\"https:\\\/\\\/strategiesconsultingfirm.com\\\/#organization\"},\"potentialAction\":[{\"@type\":\"SearchAction\",\"target\":{\"@type\":\"EntryPoint\",\"urlTemplate\":\"https:\\\/\\\/strategiesconsultingfirm.com\\\/?s={search_term_string}\"},\"query-input\":{\"@type\":\"PropertyValueSpecification\",\"valueRequired\":true,\"valueName\":\"search_term_string\"}}],\"inLanguage\":\"fr-FR\"},{\"@type\":\"Organization\",\"@id\":\"https:\\\/\\\/strategiesconsultingfirm.com\\\/#organization\",\"name\":\"STRATEGIES! Consulting Firm\",\"url\":\"https:\\\/\\\/strategiesconsultingfirm.com\\\/\",\"logo\":{\"@type\":\"ImageObject\",\"inLanguage\":\"fr-FR\",\"@id\":\"https:\\\/\\\/strategiesconsultingfirm.com\\\/#\\\/schema\\\/logo\\\/image\\\/\",\"url\":\"https:\\\/\\\/strategiesconsultingfirm.com\\\/wp-content\\\/uploads\\\/2023\\\/05\\\/Logo-STRATEGIES-Consulting.png\",\"contentUrl\":\"https:\\\/\\\/strategiesconsultingfirm.com\\\/wp-content\\\/uploads\\\/2023\\\/05\\\/Logo-STRATEGIES-Consulting.png\",\"width\":734,\"height\":229,\"caption\":\"STRATEGIES! Consulting Firm\"},\"image\":{\"@id\":\"https:\\\/\\\/strategiesconsultingfirm.com\\\/#\\\/schema\\\/logo\\\/image\\\/\"},\"sameAs\":[\"https:\\\/\\\/web.facebook.com\\\/cabinetstrategies\",\"https:\\\/\\\/x.com\\\/Strategies_\",\"https:\\\/\\\/www.linkedin.com\\\/company\\\/strategies-\\\/\"]},{\"@type\":\"Person\",\"@id\":\"https:\\\/\\\/strategiesconsultingfirm.com\\\/#\\\/schema\\\/person\\\/d73fc14a921a59cae65723b15ac3d3a2\",\"name\":\"Franck Essi\",\"image\":{\"@type\":\"ImageObject\",\"inLanguage\":\"fr-FR\",\"@id\":\"https:\\\/\\\/strategiesconsultingfirm.com\\\/wp-content\\\/uploads\\\/2025\\\/04\\\/Franck-Essi.jpg\",\"url\":\"https:\\\/\\\/strategiesconsultingfirm.com\\\/wp-content\\\/uploads\\\/2025\\\/04\\\/Franck-Essi.jpg\",\"contentUrl\":\"https:\\\/\\\/strategiesconsultingfirm.com\\\/wp-content\\\/uploads\\\/2025\\\/04\\\/Franck-Essi.jpg\",\"caption\":\"Franck Essi\"},\"description\":\"Senior Consultant, Governance Expert.\",\"url\":\"https:\\\/\\\/strategiesconsultingfirm.com\\\/fr\\\/author\\\/essi\\\/\"}]}<\/script>\n<!-- \/ Yoast SEO plugin. -->","yoast_head_json":{"title":"De Kampala \u00e0 l\u2019impact (2\/2).                        \u00c0 partir de 2026 : les vraies questions que chaque acteur devra affronter - STRATEGIES! Consulting Firm","robots":{"index":"index","follow":"follow","max-snippet":"max-snippet:-1","max-image-preview":"max-image-preview:large","max-video-preview":"max-video-preview:-1"},"canonical":"https:\/\/strategiesconsultingfirm.com\/fr\/de-kampala-a-limpact-2-2-a-partir-de-2026-les-vraies-questions-que-chaque-acteur-devra-affronter\/","og_locale":"fr_FR","og_type":"article","og_title":"De Kampala \u00e0 l\u2019impact (2\/2).                        \u00c0 partir de 2026 : les vraies questions que chaque acteur devra affronter - STRATEGIES! Consulting Firm","og_description":"Dans le premier article de cette s\u00e9rie, De Kampala \u00e0 l\u2019impact : construire des syst\u00e8mes agroalimentaires fonctionnels en Afrique, nous avons montr\u00e9 que la transformation des syst\u00e8mes agroalimentaires africains ne rel\u00e8ve ni du manque d\u2019id\u00e9es, ni de l\u2019absence de solutions. Des leviers concrets existent d\u00e9j\u00e0 sur le continent, \u00e9prouv\u00e9s par l\u2019exp\u00e9rience, capables de produire des","og_url":"https:\/\/strategiesconsultingfirm.com\/fr\/de-kampala-a-limpact-2-2-a-partir-de-2026-les-vraies-questions-que-chaque-acteur-devra-affronter\/","og_site_name":"STRATEGIES! Consulting Firm","article_publisher":"https:\/\/web.facebook.com\/cabinetstrategies","article_published_time":"2026-02-01T19:03:43+00:00","article_modified_time":"2026-02-01T19:04:03+00:00","og_image":[{"width":1024,"height":683,"url":"https:\/\/strategiesconsultingfirm.com\/wp-content\/uploads\/2026\/02\/Kampala-in-2026-1024x683.png","type":"image\/png"}],"author":"Franck Essi","twitter_card":"summary_large_image","twitter_creator":"@Strategies_","twitter_site":"@Strategies_","twitter_misc":{"\u00c9crit par":"Franck Essi","Dur\u00e9e de lecture estim\u00e9e":"5 minutes"},"schema":{"@context":"https:\/\/schema.org","@graph":[{"@type":"Article","@id":"https:\/\/strategiesconsultingfirm.com\/fr\/de-kampala-a-limpact-2-2-a-partir-de-2026-les-vraies-questions-que-chaque-acteur-devra-affronter\/#article","isPartOf":{"@id":"https:\/\/strategiesconsultingfirm.com\/fr\/de-kampala-a-limpact-2-2-a-partir-de-2026-les-vraies-questions-que-chaque-acteur-devra-affronter\/"},"author":{"name":"Franck Essi","@id":"https:\/\/strategiesconsultingfirm.com\/#\/schema\/person\/d73fc14a921a59cae65723b15ac3d3a2"},"headline":"De Kampala \u00e0 l\u2019impact (2\/2). \u00c0 partir de 2026 : les vraies questions que chaque acteur devra affronter","datePublished":"2026-02-01T19:03:43+00:00","dateModified":"2026-02-01T19:04:03+00:00","mainEntityOfPage":{"@id":"https:\/\/strategiesconsultingfirm.com\/fr\/de-kampala-a-limpact-2-2-a-partir-de-2026-les-vraies-questions-que-chaque-acteur-devra-affronter\/"},"wordCount":919,"commentCount":0,"publisher":{"@id":"https:\/\/strategiesconsultingfirm.com\/#organization"},"image":{"@id":"https:\/\/strategiesconsultingfirm.com\/fr\/de-kampala-a-limpact-2-2-a-partir-de-2026-les-vraies-questions-que-chaque-acteur-devra-affronter\/#primaryimage"},"thumbnailUrl":"https:\/\/strategiesconsultingfirm.com\/wp-content\/uploads\/2026\/02\/Kampala-in-2026.png","articleSection":["Agriculture"],"inLanguage":"fr-FR","potentialAction":[{"@type":"CommentAction","name":"Comment","target":["https:\/\/strategiesconsultingfirm.com\/fr\/de-kampala-a-limpact-2-2-a-partir-de-2026-les-vraies-questions-que-chaque-acteur-devra-affronter\/#respond"]}]},{"@type":"WebPage","@id":"https:\/\/strategiesconsultingfirm.com\/fr\/de-kampala-a-limpact-2-2-a-partir-de-2026-les-vraies-questions-que-chaque-acteur-devra-affronter\/","url":"https:\/\/strategiesconsultingfirm.com\/fr\/de-kampala-a-limpact-2-2-a-partir-de-2026-les-vraies-questions-que-chaque-acteur-devra-affronter\/","name":"De Kampala \u00e0 l\u2019impact (2\/2). \u00c0 partir de 2026 : les vraies questions que chaque acteur devra affronter - STRATEGIES! Consulting Firm","isPartOf":{"@id":"https:\/\/strategiesconsultingfirm.com\/#website"},"primaryImageOfPage":{"@id":"https:\/\/strategiesconsultingfirm.com\/fr\/de-kampala-a-limpact-2-2-a-partir-de-2026-les-vraies-questions-que-chaque-acteur-devra-affronter\/#primaryimage"},"image":{"@id":"https:\/\/strategiesconsultingfirm.com\/fr\/de-kampala-a-limpact-2-2-a-partir-de-2026-les-vraies-questions-que-chaque-acteur-devra-affronter\/#primaryimage"},"thumbnailUrl":"https:\/\/strategiesconsultingfirm.com\/wp-content\/uploads\/2026\/02\/Kampala-in-2026.png","datePublished":"2026-02-01T19:03:43+00:00","dateModified":"2026-02-01T19:04:03+00:00","breadcrumb":{"@id":"https:\/\/strategiesconsultingfirm.com\/fr\/de-kampala-a-limpact-2-2-a-partir-de-2026-les-vraies-questions-que-chaque-acteur-devra-affronter\/#breadcrumb"},"inLanguage":"fr-FR","potentialAction":[{"@type":"ReadAction","target":["https:\/\/strategiesconsultingfirm.com\/fr\/de-kampala-a-limpact-2-2-a-partir-de-2026-les-vraies-questions-que-chaque-acteur-devra-affronter\/"]}]},{"@type":"ImageObject","inLanguage":"fr-FR","@id":"https:\/\/strategiesconsultingfirm.com\/fr\/de-kampala-a-limpact-2-2-a-partir-de-2026-les-vraies-questions-que-chaque-acteur-devra-affronter\/#primaryimage","url":"https:\/\/strategiesconsultingfirm.com\/wp-content\/uploads\/2026\/02\/Kampala-in-2026.png","contentUrl":"https:\/\/strategiesconsultingfirm.com\/wp-content\/uploads\/2026\/02\/Kampala-in-2026.png","width":1536,"height":1024},{"@type":"BreadcrumbList","@id":"https:\/\/strategiesconsultingfirm.com\/fr\/de-kampala-a-limpact-2-2-a-partir-de-2026-les-vraies-questions-que-chaque-acteur-devra-affronter\/#breadcrumb","itemListElement":[{"@type":"ListItem","position":1,"name":"Home","item":"https:\/\/strategiesconsultingfirm.com\/fr\/accueil\/"},{"@type":"ListItem","position":2,"name":"De Kampala \u00e0 l\u2019impact (2\/2). \u00c0 partir de 2026 : les vraies questions que chaque acteur devra affronter"}]},{"@type":"WebSite","@id":"https:\/\/strategiesconsultingfirm.com\/#website","url":"https:\/\/strategiesconsultingfirm.com\/","name":"STRATEGIES! Consulting Firm","description":"Your Reference in Leadership and Management","publisher":{"@id":"https:\/\/strategiesconsultingfirm.com\/#organization"},"potentialAction":[{"@type":"SearchAction","target":{"@type":"EntryPoint","urlTemplate":"https:\/\/strategiesconsultingfirm.com\/?s={search_term_string}"},"query-input":{"@type":"PropertyValueSpecification","valueRequired":true,"valueName":"search_term_string"}}],"inLanguage":"fr-FR"},{"@type":"Organization","@id":"https:\/\/strategiesconsultingfirm.com\/#organization","name":"STRATEGIES! Consulting Firm","url":"https:\/\/strategiesconsultingfirm.com\/","logo":{"@type":"ImageObject","inLanguage":"fr-FR","@id":"https:\/\/strategiesconsultingfirm.com\/#\/schema\/logo\/image\/","url":"https:\/\/strategiesconsultingfirm.com\/wp-content\/uploads\/2023\/05\/Logo-STRATEGIES-Consulting.png","contentUrl":"https:\/\/strategiesconsultingfirm.com\/wp-content\/uploads\/2023\/05\/Logo-STRATEGIES-Consulting.png","width":734,"height":229,"caption":"STRATEGIES! Consulting Firm"},"image":{"@id":"https:\/\/strategiesconsultingfirm.com\/#\/schema\/logo\/image\/"},"sameAs":["https:\/\/web.facebook.com\/cabinetstrategies","https:\/\/x.com\/Strategies_","https:\/\/www.linkedin.com\/company\/strategies-\/"]},{"@type":"Person","@id":"https:\/\/strategiesconsultingfirm.com\/#\/schema\/person\/d73fc14a921a59cae65723b15ac3d3a2","name":"Franck Essi","image":{"@type":"ImageObject","inLanguage":"fr-FR","@id":"https:\/\/strategiesconsultingfirm.com\/wp-content\/uploads\/2025\/04\/Franck-Essi.jpg","url":"https:\/\/strategiesconsultingfirm.com\/wp-content\/uploads\/2025\/04\/Franck-Essi.jpg","contentUrl":"https:\/\/strategiesconsultingfirm.com\/wp-content\/uploads\/2025\/04\/Franck-Essi.jpg","caption":"Franck Essi"},"description":"Senior Consultant, Governance Expert.","url":"https:\/\/strategiesconsultingfirm.com\/fr\/author\/essi\/"}]}},"_links":{"self":[{"href":"https:\/\/strategiesconsultingfirm.com\/fr\/wp-json\/wp\/v2\/posts\/14588","targetHints":{"allow":["GET"]}}],"collection":[{"href":"https:\/\/strategiesconsultingfirm.com\/fr\/wp-json\/wp\/v2\/posts"}],"about":[{"href":"https:\/\/strategiesconsultingfirm.com\/fr\/wp-json\/wp\/v2\/types\/post"}],"author":[{"embeddable":true,"href":"https:\/\/strategiesconsultingfirm.com\/fr\/wp-json\/wp\/v2\/users\/95"}],"replies":[{"embeddable":true,"href":"https:\/\/strategiesconsultingfirm.com\/fr\/wp-json\/wp\/v2\/comments?post=14588"}],"version-history":[{"count":2,"href":"https:\/\/strategiesconsultingfirm.com\/fr\/wp-json\/wp\/v2\/posts\/14588\/revisions"}],"predecessor-version":[{"id":14590,"href":"https:\/\/strategiesconsultingfirm.com\/fr\/wp-json\/wp\/v2\/posts\/14588\/revisions\/14590"}],"wp:featuredmedia":[{"embeddable":true,"href":"https:\/\/strategiesconsultingfirm.com\/fr\/wp-json\/wp\/v2\/media\/14583"}],"wp:attachment":[{"href":"https:\/\/strategiesconsultingfirm.com\/fr\/wp-json\/wp\/v2\/media?parent=14588"}],"wp:term":[{"taxonomy":"category","embeddable":true,"href":"https:\/\/strategiesconsultingfirm.com\/fr\/wp-json\/wp\/v2\/categories?post=14588"},{"taxonomy":"post_tag","embeddable":true,"href":"https:\/\/strategiesconsultingfirm.com\/fr\/wp-json\/wp\/v2\/tags?post=14588"}],"curies":[{"name":"wp","href":"https:\/\/api.w.org\/{rel}","templated":true}]}}